{"id":1,"date":"2023-03-16T15:40:22","date_gmt":"2023-03-16T14:40:22","guid":{"rendered":"http:\/\/localhost\/csarnok\/?p=1"},"modified":"2023-03-16T15:40:22","modified_gmt":"2023-03-16T14:40:22","slug":"hello-vilag","status":"publish","type":"post","link":"https:\/\/uzemcsarnok.hu\/gb\/2023\/03\/16\/hello-vilag\/","title":{"rendered":"Hell\u00f3 Vil\u00e1g!"},"content":{"rendered":"\n<p>\u00dcdv\u00f6zlet a WordPress-ben! Ez az els\u0151 bejegyz\u00e9s, amelyet lehet ak\u00e1r m\u00f3dos\u00edtani, ak\u00e1r t\u00f6r\u00f6lni, azt\u00e1n kezd\u0151dhet az \u00edr\u00e1s, a tartalommal t\u00f6rt\u00e9n\u0151 felt\u00f6lt\u00e9s.<\/p>\n","protected":false},"excerpt":{"rendered":"<p>\u00dcdv\u00f6zlet a WordPress-ben! Ez az els\u0151 bejegyz\u00e9s, amelyet lehet ak\u00e1r m\u00f3dos\u00edtani, ak\u00e1r t\u00f6r\u00f6lni, azt\u00e1n kezd\u0151dhet az \u00edr\u00e1s, a tartalommal t\u00f6rt\u00e9n\u0151 felt\u00f6lt\u00e9s.<\/p>\n","protected":false},"author":1,"featured_media":0,"comment_status":"open","ping_status":"open","sticky":false,"template":"","format":"standard","meta":{"ngg_post_thumbnail":0,"footnotes":""},"categories":[1],"tags":[],"translation":{"provider":"WPGlobus","version":"2.10.10","language":"gb","enabled_languages":["hu","gb","de"],"languages":{"hu":{"title":true,"content":true,"excerpt":false},"gb":{"title":false,"content":false,"excerpt":false},"de":{"title":false,"content":false,"excerpt":false}}},"_links":{"self":[{"href":"https:\/\/uzemcsarnok.hu\/gb\/wp-json\/wp\/v2\/posts\/1"}],"collection":[{"href":"https:\/\/uzemcsarnok.hu\/gb\/wp-json\/wp\/v2\/posts"}],"about":[{"href":"https:\/\/uzemcsarnok.hu\/gb\/wp-json\/wp\/v2\/types\/post"}],"author":[{"embeddable":true,"href":"https:\/\/uzemcsarnok.hu\/gb\/wp-json\/wp\/v2\/users\/1"}],"replies":[{"embeddable":true,"href":"https:\/\/uzemcsarnok.hu\/gb\/wp-json\/wp\/v2\/comments?post=1"}],"version-history":[{"count":0,"href":"https:\/\/uzemcsarnok.hu\/gb\/wp-json\/wp\/v2\/posts\/1\/revisions"}],"wp:attachment":[{"href":"https:\/\/uzemcsarnok.hu\/gb\/wp-json\/wp\/v2\/media?parent=1"}],"wp:term":[{"taxonomy":"category","embeddable":true,"href":"https:\/\/uzemcsarnok.hu\/gb\/wp-json\/wp\/v2\/categories?post=1"},{"taxonomy":"post_tag","embeddable":true,"href":"https:\/\/uzemcsarnok.hu\/gb\/wp-json\/wp\/v2\/tags?post=1"}],"curies":[{"name":"wp","href":"https:\/\/api.w.org\/{rel}","templated":true}]}}